{"id":58391,"date":"2026-08-29T13:15:14","date_gmt":"2026-08-29T11:15:14","guid":{"rendered":"https:\/\/www.ravennafc.it\/?p=58391"},"modified":"2026-08-29T13:15:15","modified_gmt":"2026-08-29T11:15:15","slug":"2026-27-season-official-dates-confirmed-for-coppa-italia-and-league-campaign-26","status":"publish","type":"post","link":"https:\/\/www.ravennafc.it\/en\/2026\/08\/29\/2026-27-season-official-dates-confirmed-for-coppa-italia-and-league-campaign-26\/","title":{"rendered":"2026\/27 Season: Official Dates Confirmed for Coppa Italia and League Campaign<br\/>"},"content":{"rendered":"<div class=\"wpb-content-wrapper\"><p>[vc_row unlock_row_content=&#8221;yes&#8221; row_height_percent=&#8221;85&#8243; override_padding=&#8221;yes&#8221; h_padding=&#8221;4&#8243; top_padding=&#8221;2&#8243; bottom_padding=&#8221;2&#8243; back_color=&#8221;color-924802&#8243; overlay_alpha=&#8221;50&#8243; equal_height=&#8221;yes&#8221; gutter_size=&#8221;3&#8243; column_width_percent=&#8221;100&#8243; shift_y=&#8221;0&#8243; z_index=&#8221;0&#8243; uncode_shortcode_id=&#8221;170624&#8243; back_color_type=&#8221;uncode-palette&#8221;][vc_column column_width_percent=&#8221;100&#8243; gutter_size=&#8221;3&#8243; override_padding=&#8221;yes&#8221; column_padding=&#8221;3&#8243; expand_height=&#8221;yes&#8221; back_image=&#8221;57408&#8243; overlay_alpha=&#8221;0&#8243; radius=&#8221;hg&#8221; shift_x=&#8221;0&#8243; shift_y=&#8221;0&#8243; shift_y_down=&#8221;0&#8243; z_index=&#8221;0&#8243; medium_width=&#8221;0&#8243; mobile_width=&#8221;0&#8243; width=&#8221;1\/1&#8243; uncode_shortcode_id=&#8221;888478&#8243; mobile_height=&#8221;20vh&#8221;][\/vc_column][\/vc_row][vc_row unlock_row_content=&#8221;yes&#8221; row_height_percent=&#8221;85&#8243; override_padding=&#8221;yes&#8221; h_padding=&#8221;7&#8243; top_padding=&#8221;1&#8243; bottom_padding=&#8221;3&#8243; back_color=&#8221;color-924802&#8243; overlay_alpha=&#8221;50&#8243; equal_height=&#8221;yes&#8221; gutter_size=&#8221;3&#8243; column_width_percent=&#8221;100&#8243; shift_y=&#8221;0&#8243; z_index=&#8221;0&#8243; uncode_shortcode_id=&#8221;210980&#8243; back_color_type=&#8221;uncode-palette&#8221;][vc_column column_width_percent=&#8221;100&#8243; gutter_size=&#8221;3&#8243; overlay_alpha=&#8221;50&#8243; shift_x=&#8221;0&#8243; shift_y=&#8221;0&#8243; shift_y_down=&#8221;0&#8243; z_index=&#8221;0&#8243; medium_width=&#8221;0&#8243; mobile_visibility=&#8221;yes&#8221; mobile_width=&#8221;0&#8243; width=&#8221;1\/4&#8243; uncode_shortcode_id=&#8221;641766&#8243;][\/vc_column][vc_column width=&#8221;1\/2&#8243;][vc_custom_heading text_font=&#8221;font-443979&#8243; text_size=&#8221;h5&#8243; text_weight=&#8221;400&#8243; uncode_shortcode_id=&#8221;544123&#8243;]<\/p>\n<p class=\"p1\"><b>ACCESSIBILIT\u00c0 AL \u201cBENELLI\u201d: REALIZZATE OTTO POSTAZIONI PER PERSONE CON DISABILIT\u00c0 NON DEAMBULANTI<\/b><\/p>\n<p>[\/vc_custom_heading][vc_column_text uncode_shortcode_id=&#8221;206082&#8243;]<\/p>\n<div data-olk-copy-source=\"MessageBody\">\n<p class=\"p1\">Il Ravenna FC comunica di avere realizzato, all\u2019interno della Tribuna Inferiore Coperta dello Stadio \u201cBruno Benelli\u201d, otto postazioni riservate alle persone con disabilit\u00e0 non deambulanti in carrozzina.<\/p>\n<p class=\"p1\">Le postazioni sono raggiungibili mediante un montascale che, nella configurazione attuale, pu\u00f2 essere utilizzato esclusivamente con carrozzine manuali. Nelle prossime settimane il sistema verr\u00e0 implementato con un modello idoneo al sollevamento anche delle carrozzine motorizzate.<\/p>\n<p class=\"p1\">Questo intervento rappresenta un ulteriore passo nel percorso intrapreso dal Club per migliorare progressivamente l\u2019accessibilit\u00e0 dell\u2019impianto. Il Ravenna FC continuer\u00e0 a lavorare con impegno affinch\u00e9 lo Stadio \u201cBruno Benelli\u201d possa diventare un luogo sempre pi\u00f9 accogliente e inclusivo, nel quale ogni tifoso abbia la possibilit\u00e0 di vivere pienamente l\u2019esperienza della partita.<\/p>\n<\/div>\n<p>[\/vc_column_text][vc_column_text uncode_shortcode_id=&#8221;175738&#8243;]<\/p>\n<div data-olk-copy-source=\"MessageBody\">\n<h2 class=\"p1\"><b>INFORMAZIONI OPERATIVE<\/b><b><\/b><\/h2>\n<p class=\"p1\"><b>Aventi diritto<\/b><b><\/b><\/p>\n<p class=\"p1\">Le persone con disabilit\u00e0, deambulanti o non deambulanti, in possesso di una certificazione di invalidit\u00e0 al 100% potranno richiedere l\u2019ingresso gratuito alle singole partite casalinghe del Ravenna FC nella stagione sportiva 2026\/2027.<\/p>\n<p class=\"p1\">La richiesta dovr\u00e0 essere presentata per ciascuna gara e sar\u00e0 accolta fino a esaurimento dei posti disponibili. Qualora la certificazione attesti la necessit\u00e0 di assistenza continuativa, sar\u00e0 previsto l\u2019ingresso gratuito anche per un accompagnatore maggiorenne.<\/p>\n<p class=\"p1\"><b>Richiesta dell\u2019accredito<\/b><b><\/b><\/p>\n<p class=\"p1\">Le richieste dovranno essere inviate esclusivamente all\u2019indirizzo\u00a0<a href=\"mailto:accrediti@ravennafc.it\"><span class=\"s1\"><b>accrediti@ravennafc.it<\/b><\/span><\/a>, entro i termini comunicati per ciascuna partita, allegando:<\/p>\n<p class=\"p1\">\u2013 certificazione in corso di validit\u00e0 attestante l\u2019invalidit\u00e0 al 100% e l\u2019eventuale necessit\u00e0 di accompagnamento;<\/p>\n<p class=\"p1\">\u2013 copia del documento di identit\u00e0 della persona richiedente;<\/p>\n<p class=\"p1\">\u2013 copia del documento di identit\u00e0 dell\u2019eventuale accompagnatore.<\/p>\n<p class=\"p1\">Le richieste saranno valutate in ordine di ricezione. Non potranno essere accolte quelle incomplete o pervenute oltre la scadenza indicata.<\/p>\n<p class=\"p1\">In caso di accoglimento, il richiedente ricever\u00e0 via e-mail i titoli di accesso in formato PDF. In assenza di risposta, la richiesta dovr\u00e0 considerarsi non accolta.<\/p>\n<p class=\"p1\">Il giorno della partita sar\u00e0 necessario presentare il titolo, tramite smartphone o in formato cartaceo, insieme a un documento di identit\u00e0 originale e in corso di validit\u00e0.<\/p>\n<p class=\"p1\"><b>Modalit\u00e0 di accesso e assistenza<\/b><b><\/b><\/p>\n<p class=\"p1\">L\u2019ingresso allo stadio delle persone con disabilit\u00e0 avverr\u00e0 attraverso i cancelli posti sul lato Tribuna.<\/p>\n<p class=\"p1\">Le persone con disabilit\u00e0 deambulanti dovranno essere in possesso di un regolare titolo di ingresso. Le persone non deambulanti in carrozzina dovranno invece presentare l\u2019apposito accredito rilasciato dal Ravenna FC.<\/p>\n<p class=\"p1\">Le otto postazioni riservate non sono acquistabili autonomamente e, per ragioni di sicurezza e ordine pubblico, non sar\u00e0 consentito l\u2019accesso in carrozzina ad altri settori dello stadio.<\/p>\n<p class=\"p1\">In questa prima fase, l\u2019utilizzo del montascale sar\u00e0 possibile esclusivamente con carrozzine manuali. Il personale della societ\u00e0 \u00e8 stato adeguatamente formato per offrire assistenza alle persone con disabilit\u00e0 durante le operazioni di ingresso e di accesso alle postazioni riservate.<\/p>\n<p class=\"p1\"><b>Parcheggio riservato<\/b><b><\/b><\/p>\n<p class=\"p1\">Il parcheggio dedicato alle persone con disabilit\u00e0 \u00e8 situato in\u00a0<b>piazza Sighinolfi, in corrispondenza di via Cassino<\/b>.<\/p>\n<\/div>\n<p>[\/vc_column_text][\/vc_column][vc_column column_width_percent=&#8221;100&#8243; gutter_size=&#8221;3&#8243; overlay_alpha=&#8221;50&#8243; shift_x=&#8221;0&#8243; shift_y=&#8221;0&#8243; shift_y_down=&#8221;0&#8243; z_index=&#8221;0&#8243; medium_width=&#8221;0&#8243; mobile_visibility=&#8221;yes&#8221; mobile_width=&#8221;0&#8243; width=&#8221;1\/4&#8243; uncode_shortcode_id=&#8221;688191&#8243;][\/vc_column][\/vc_row][vc_row unlock_row_content=&#8221;yes&#8221; row_height_percent=&#8221;0&#8243; override_padding=&#8221;yes&#8221; h_padding=&#8221;5&#8243; top_padding=&#8221;2&#8243; bottom_padding=&#8221;2&#8243; back_color=&#8221;color-924802&#8243; overlay_alpha=&#8221;50&#8243; gutter_size=&#8221;3&#8243; column_width_percent=&#8221;100&#8243; shift_y=&#8221;0&#8243; z_index=&#8221;0&#8243; uncode_shortcode_id=&#8221;597053&#8243; back_color_type=&#8221;uncode-palette&#8221;][vc_column column_width_percent=&#8221;100&#8243; gutter_size=&#8221;4&#8243; overlay_alpha=&#8221;50&#8243; radius=&#8221;hg&#8221; shift_x=&#8221;0&#8243; shift_y=&#8221;0&#8243; shift_y_down=&#8221;0&#8243; z_index=&#8221;0&#8243; medium_width=&#8221;0&#8243; mobile_width=&#8221;0&#8243; width=&#8221;1\/1&#8243; uncode_shortcode_id=&#8221;891367&#8243;][vc_row_inner limit_content=&#8221;&#8221;][vc_column_inner column_width_percent=&#8221;100&#8243; gutter_size=&#8221;3&#8243; style=&#8221;light&#8221; overlay_alpha=&#8221;50&#8243; shift_x=&#8221;0&#8243; shift_y=&#8221;0&#8243; shift_y_down=&#8221;0&#8243; z_index=&#8221;0&#8243; medium_width=&#8221;4&#8243; mobile_width=&#8221;7&#8243; width=&#8221;1\/2&#8243; uncode_shortcode_id=&#8221;928439&#8243;][vc_custom_heading text_color=&#8221;color-711512&#8243; heading_semantic=&#8221;h1&#8243; text_font=&#8221;font-443979&#8243; text_size=&#8221;h1&#8243; text_weight=&#8221;500&#8243; text_transform=&#8221;uppercase&#8221; text_height=&#8221;fontheight-133455&#8243; sub_reduced=&#8221;yes&#8221; css_animation=&#8221;curtain-words&#8221; uncode_shortcode_id=&#8221;791595&#8243; text_color_type=&#8221;uncode-palette&#8221; subheading=&#8221;Recommended articles and news items based on this news item&#8221;]Recommended Articles[\/vc_custom_heading][\/vc_column_inner][vc_column_inner column_width_percent=&#8221;100&#8243; position_vertical=&#8221;bottom&#8221; align_horizontal=&#8221;align_right&#8221; gutter_size=&#8221;3&#8243; style=&#8221;light&#8221; overlay_alpha=&#8221;50&#8243; shift_x=&#8221;0&#8243; shift_y=&#8221;0&#8243; shift_y_down=&#8221;0&#8243; z_index=&#8221;0&#8243; medium_width=&#8221;4&#8243; mobile_width=&#8221;7&#8243; width=&#8221;1\/2&#8243; uncode_shortcode_id=&#8221;868851&#8243;][uncode_carousel_nav skin=&#8221;light&#8221; padding=&#8221;0&#8243; h_align=&#8221;right&#8221; arrow_style=&#8221;transparent&#8221; arrow_bg_size=&#8221;no&#8221; icon=&#8221;fa fa-arrow-right2&#8243; hide_counter=&#8221;yes&#8221; uncode_shortcode_id=&#8221;177919&#8243;][\/vc_column_inner][\/vc_row_inner][uncode_index el_id=&#8221;index-183931&#8243; index_type=&#8221;carousel&#8221; loop=&#8221;size:9|order_by:date|post_type:post|taxonomy_count:10&#8243; carousel_lg=&#8221;4&#8243; carousel_md=&#8221;2&#8243; carousel_sm=&#8221;1&#8243; thumb_size=&#8221;four-three&#8221; gutter_size=&#8221;2&#8243; post_items=&#8221;media|featured|onpost|poster,category|nobg|relative|hide-icon,title,spacer|half&#8221; portfolio_items=&#8221;title,media|featured|onpost|poster,date,author|md_size|display_qualification&#8221; carousel_height=&#8221;equal&#8221; carousel_interval=&#8221;0&#8243; carousel_navspeed=&#8221;1000&#8243; carousel_overflow=&#8221;yes&#8221; carousel_dot_position=&#8221;left&#8221; carousel_width_percent=&#8221;100&#8243; carousel_pointer_events=&#8221;yes&#8221; stage_padding=&#8221;0&#8243; single_back_color=&#8221;color-xsdn&#8221; single_shape=&#8221;round&#8221; radius=&#8221;std&#8221; single_overlay_opacity=&#8221;50&#8243; single_overlay_visible=&#8221;yes&#8221; single_overlay_anim=&#8221;no&#8221; single_text_visible=&#8221;yes&#8221; single_h_align_mobile=&#8221;left&#8221; single_padding=&#8221;3&#8243; single_title_dimension=&#8221;h2&#8243; single_text_lead=&#8221;yes&#8221; single_meta_custom_typo=&#8221;yes&#8221; single_meta_size=&#8221;large&#8221; single_border=&#8221;yes&#8221; single_css_animation=&#8221;parallax&#8221; single_parallax_intensity=&#8221;2&#8243; single_animation_first=&#8221;yes&#8221; post_matrix=&#8221;matrix&#8221; matrix_amount=&#8221;2&#8243; no_double_tap=&#8221;yes&#8221; custom_cursor=&#8221;accent&#8221; matrix_items=&#8221;e30=&#8221; uncode_shortcode_id=&#8221;196485&#8243;][\/vc_column][\/vc_row]<\/p>\n<\/div>","protected":false},"excerpt":{"rendered":"<p>[vc_row unlock_row_content=&#8221;yes&#8221; row_height_percent=&#8221;85&#8243; override_padding=&#8221;yes&#8221; h_padding=&#8221;4&#8243; top_padding=&#8221;2&#8243; bottom_padding=&#8221;2&#8243; back_color=&#8221;color-924802&#8243; overlay_alpha=&#8221;50&#8243; equal_height=&#8221;yes&#8221; gutter_size=&#8221;3&#8243; column_width_percent=&#8221;100&#8243; shift_y=&#8221;0&#8243; z_index=&#8221;0&#8243; uncode_shortcode_id=&#8221;170624&#8243; back_color_type=&#8221;uncode-palette&#8221;][vc_column column_width_percent=&#8221;100&#8243; gutter_size=&#8221;3&#8243; override_padding=&#8221;yes&#8221; column_padding=&#8221;3&#8243; [&hellip;]<\/p>\n","protected":false},"author":2,"featured_media":57408,"comment_status":"closed","ping_status":"closed","sticky":false,"template":"","format":"standard","meta":{"_acf_changed":false,"footnotes":""},"categories":[91,219],"tags":[92],"class_list":["post-58391","post","type-post","status-publish","format-standard","has-post-thumbnail","hentry","category-news-en","category-26-27-championship","tag-ravennafc-en"],"acf":[],"yoast_head":"<!-- This site is optimized with the Yoast SEO plugin v26.5 - https:\/\/yoast.com\/wordpress\/plugins\/seo\/ -->\n<title>2026\/27 Season: Official Dates Confirmed for Coppa Italia and League Campaign - Ravenna FC<\/title>\n<meta name=\"description\" content=\"Ravenna FC: Registration documentation for the 2026\/27 Serie C season has been filed\" \/>\n<meta name=\"robots\" content=\"index, follow, max-snippet:-1, max-image-preview:large, max-video-preview:-1\" \/>\n<link rel=\"canonical\" href=\"https:\/\/www.ravennafc.it\/en\/2026\/08\/29\/2026-27-season-official-dates-confirmed-for-coppa-italia-and-league-campaign-26\/\" \/>\n<meta property=\"og:locale\" content=\"en_US\" \/>\n<meta property=\"og:type\" content=\"article\" \/>\n<meta property=\"og:title\" content=\"2026\/27 Season: Official Dates Confirmed for Coppa Italia and League Campaign - Ravenna FC\" \/>\n<meta property=\"og:description\" content=\"Ravenna FC: Registration documentation for the 2026\/27 Serie C season has been filed\" \/>\n<meta property=\"og:url\" content=\"https:\/\/www.ravennafc.it\/en\/2026\/08\/29\/2026-27-season-official-dates-confirmed-for-coppa-italia-and-league-campaign-26\/\" \/>\n<meta property=\"og:site_name\" content=\"Ravenna FC\" \/>\n<meta property=\"article:published_time\" content=\"2026-08-29T11:15:14+00:00\" \/>\n<meta property=\"article:modified_time\" content=\"2026-08-29T11:15:15+00:00\" \/>\n<meta property=\"og:image\" content=\"https:\/\/www.ravennafc.it\/wp-content\/uploads\/2026\/08\/ChatGPT-Image-13-ago-2026-16_07_52-1.png\" \/>\n\t<meta property=\"og:image:width\" content=\"1536\" \/>\n\t<meta property=\"og:image:height\" content=\"1024\" \/>\n\t<meta property=\"og:image:type\" content=\"image\/png\" \/>\n<meta name=\"author\" content=\"Luca Zignani\" \/>\n<meta name=\"twitter:card\" content=\"summary_large_image\" \/>\n<meta name=\"twitter:label1\" content=\"Written by\" \/>\n\t<meta name=\"twitter:data1\" content=\"Luca Zignani\" \/>\n\t<meta name=\"twitter:label2\" content=\"Est. reading time\" \/>\n\t<meta name=\"twitter:data2\" content=\"5 minutes\" \/>\n<script type=\"application\/ld+json\" class=\"yoast-schema-graph\">{\"@context\":\"https:\/\/schema.org\",\"@graph\":[{\"@type\":\"Article\",\"@id\":\"https:\/\/www.ravennafc.it\/en\/2026\/08\/29\/2026-27-season-official-dates-confirmed-for-coppa-italia-and-league-campaign-26\/#article\",\"isPartOf\":{\"@id\":\"https:\/\/www.ravennafc.it\/en\/2026\/08\/29\/2026-27-season-official-dates-confirmed-for-coppa-italia-and-league-campaign-26\/\"},\"author\":{\"name\":\"Luca Zignani\",\"@id\":\"https:\/\/www.ravennafc.it\/#\/schema\/person\/8bcfb6707e2715f8a066401f4cbfa9bc\"},\"headline\":\"2026\/27 Season: Official Dates Confirmed for Coppa Italia and League Campaign\",\"datePublished\":\"2026-08-29T11:15:14+00:00\",\"dateModified\":\"2026-08-29T11:15:15+00:00\",\"mainEntityOfPage\":{\"@id\":\"https:\/\/www.ravennafc.it\/en\/2026\/08\/29\/2026-27-season-official-dates-confirmed-for-coppa-italia-and-league-campaign-26\/\"},\"wordCount\":1091,\"publisher\":{\"@id\":\"https:\/\/www.ravennafc.it\/#organization\"},\"image\":{\"@id\":\"https:\/\/www.ravennafc.it\/en\/2026\/08\/29\/2026-27-season-official-dates-confirmed-for-coppa-italia-and-league-campaign-26\/#primaryimage\"},\"thumbnailUrl\":\"https:\/\/www.ravennafc.it\/wp-content\/uploads\/2026\/08\/ChatGPT-Image-13-ago-2026-16_07_52-1.png\",\"keywords\":[\"ravennafc\"],\"articleSection\":[\"News\",\"26-27 championship\"],\"inLanguage\":\"en-US\"},{\"@type\":\"WebPage\",\"@id\":\"https:\/\/www.ravennafc.it\/en\/2026\/08\/29\/2026-27-season-official-dates-confirmed-for-coppa-italia-and-league-campaign-26\/\",\"url\":\"https:\/\/www.ravennafc.it\/en\/2026\/08\/29\/2026-27-season-official-dates-confirmed-for-coppa-italia-and-league-campaign-26\/\",\"name\":\"2026\/27 Season: Official Dates Confirmed for Coppa Italia and League Campaign - Ravenna FC\",\"isPartOf\":{\"@id\":\"https:\/\/www.ravennafc.it\/#website\"},\"primaryImageOfPage\":{\"@id\":\"https:\/\/www.ravennafc.it\/en\/2026\/08\/29\/2026-27-season-official-dates-confirmed-for-coppa-italia-and-league-campaign-26\/#primaryimage\"},\"image\":{\"@id\":\"https:\/\/www.ravennafc.it\/en\/2026\/08\/29\/2026-27-season-official-dates-confirmed-for-coppa-italia-and-league-campaign-26\/#primaryimage\"},\"thumbnailUrl\":\"https:\/\/www.ravennafc.it\/wp-content\/uploads\/2026\/08\/ChatGPT-Image-13-ago-2026-16_07_52-1.png\",\"datePublished\":\"2026-08-29T11:15:14+00:00\",\"dateModified\":\"2026-08-29T11:15:15+00:00\",\"description\":\"Ravenna FC: Registration documentation for the 2026\/27 Serie C season has been filed\",\"breadcrumb\":{\"@id\":\"https:\/\/www.ravennafc.it\/en\/2026\/08\/29\/2026-27-season-official-dates-confirmed-for-coppa-italia-and-league-campaign-26\/#breadcrumb\"},\"inLanguage\":\"en-US\",\"potentialAction\":[{\"@type\":\"ReadAction\",\"target\":[\"https:\/\/www.ravennafc.it\/en\/2026\/08\/29\/2026-27-season-official-dates-confirmed-for-coppa-italia-and-league-campaign-26\/\"]}]},{\"@type\":\"ImageObject\",\"inLanguage\":\"en-US\",\"@id\":\"https:\/\/www.ravennafc.it\/en\/2026\/08\/29\/2026-27-season-official-dates-confirmed-for-coppa-italia-and-league-campaign-26\/#primaryimage\",\"url\":\"https:\/\/www.ravennafc.it\/wp-content\/uploads\/2026\/08\/ChatGPT-Image-13-ago-2026-16_07_52-1.png\",\"contentUrl\":\"https:\/\/www.ravennafc.it\/wp-content\/uploads\/2026\/08\/ChatGPT-Image-13-ago-2026-16_07_52-1.png\",\"width\":1536,\"height\":1024},{\"@type\":\"BreadcrumbList\",\"@id\":\"https:\/\/www.ravennafc.it\/en\/2026\/08\/29\/2026-27-season-official-dates-confirmed-for-coppa-italia-and-league-campaign-26\/#breadcrumb\",\"itemListElement\":[{\"@type\":\"ListItem\",\"position\":1,\"name\":\"Home\",\"item\":\"https:\/\/www.ravennafc.it\/en\/\"},{\"@type\":\"ListItem\",\"position\":2,\"name\":\"2026\/27 Season: Official Dates Confirmed for Coppa Italia and League Campaign\"}]},{\"@type\":\"WebSite\",\"@id\":\"https:\/\/www.ravennafc.it\/#website\",\"url\":\"https:\/\/www.ravennafc.it\/\",\"name\":\"Ravenna Football Club: Ravenna FC 1913\",\"description\":\"\",\"publisher\":{\"@id\":\"https:\/\/www.ravennafc.it\/#organization\"},\"potentialAction\":[{\"@type\":\"SearchAction\",\"target\":{\"@type\":\"EntryPoint\",\"urlTemplate\":\"https:\/\/www.ravennafc.it\/?s={search_term_string}\"},\"query-input\":{\"@type\":\"PropertyValueSpecification\",\"valueRequired\":true,\"valueName\":\"search_term_string\"}}],\"inLanguage\":\"en-US\"},{\"@type\":\"Organization\",\"@id\":\"https:\/\/www.ravennafc.it\/#organization\",\"name\":\"Ravenna FC\",\"url\":\"https:\/\/www.ravennafc.it\/\",\"logo\":{\"@type\":\"ImageObject\",\"inLanguage\":\"en-US\",\"@id\":\"https:\/\/www.ravennafc.it\/#\/schema\/logo\/image\/\",\"url\":\"https:\/\/www.ravennafc.it\/wp-content\/uploads\/2024\/09\/Rfc_logo.png\",\"contentUrl\":\"https:\/\/www.ravennafc.it\/wp-content\/uploads\/2024\/09\/Rfc_logo.png\",\"width\":900,\"height\":900,\"caption\":\"Ravenna FC\"},\"image\":{\"@id\":\"https:\/\/www.ravennafc.it\/#\/schema\/logo\/image\/\"}},{\"@type\":\"Person\",\"@id\":\"https:\/\/www.ravennafc.it\/#\/schema\/person\/8bcfb6707e2715f8a066401f4cbfa9bc\",\"name\":\"Luca Zignani\",\"image\":{\"@type\":\"ImageObject\",\"inLanguage\":\"en-US\",\"@id\":\"https:\/\/www.ravennafc.it\/#\/schema\/person\/image\/\",\"url\":\"https:\/\/secure.gravatar.com\/avatar\/3a200331fcbf7764f2f49a133be8cd0649aed8fd6a793c967e278d5f55b325a9?s=96&d=mm&r=g\",\"contentUrl\":\"https:\/\/secure.gravatar.com\/avatar\/3a200331fcbf7764f2f49a133be8cd0649aed8fd6a793c967e278d5f55b325a9?s=96&d=mm&r=g\",\"caption\":\"Luca Zignani\"},\"url\":\"https:\/\/www.ravennafc.it\/en\/author\/luca\/\"}]}<\/script>\n<!-- \/ Yoast SEO plugin. -->","yoast_head_json":{"title":"2026\/27 Season: Official Dates Confirmed for Coppa Italia and League Campaign - Ravenna FC","description":"Ravenna FC: Registration documentation for the 2026\/27 Serie C season has been filed","robots":{"index":"index","follow":"follow","max-snippet":"max-snippet:-1","max-image-preview":"max-image-preview:large","max-video-preview":"max-video-preview:-1"},"canonical":"https:\/\/www.ravennafc.it\/en\/2026\/08\/29\/2026-27-season-official-dates-confirmed-for-coppa-italia-and-league-campaign-26\/","og_locale":"en_US","og_type":"article","og_title":"2026\/27 Season: Official Dates Confirmed for Coppa Italia and League Campaign - Ravenna FC","og_description":"Ravenna FC: Registration documentation for the 2026\/27 Serie C season has been filed","og_url":"https:\/\/www.ravennafc.it\/en\/2026\/08\/29\/2026-27-season-official-dates-confirmed-for-coppa-italia-and-league-campaign-26\/","og_site_name":"Ravenna FC","article_published_time":"2026-08-29T11:15:14+00:00","article_modified_time":"2026-08-29T11:15:15+00:00","og_image":[{"width":1536,"height":1024,"url":"https:\/\/www.ravennafc.it\/wp-content\/uploads\/2026\/08\/ChatGPT-Image-13-ago-2026-16_07_52-1.png","type":"image\/png"}],"author":"Luca Zignani","twitter_card":"summary_large_image","twitter_misc":{"Written by":"Luca Zignani","Est. reading time":"5 minutes"},"schema":{"@context":"https:\/\/schema.org","@graph":[{"@type":"Article","@id":"https:\/\/www.ravennafc.it\/en\/2026\/08\/29\/2026-27-season-official-dates-confirmed-for-coppa-italia-and-league-campaign-26\/#article","isPartOf":{"@id":"https:\/\/www.ravennafc.it\/en\/2026\/08\/29\/2026-27-season-official-dates-confirmed-for-coppa-italia-and-league-campaign-26\/"},"author":{"name":"Luca Zignani","@id":"https:\/\/www.ravennafc.it\/#\/schema\/person\/8bcfb6707e2715f8a066401f4cbfa9bc"},"headline":"2026\/27 Season: Official Dates Confirmed for Coppa Italia and League Campaign","datePublished":"2026-08-29T11:15:14+00:00","dateModified":"2026-08-29T11:15:15+00:00","mainEntityOfPage":{"@id":"https:\/\/www.ravennafc.it\/en\/2026\/08\/29\/2026-27-season-official-dates-confirmed-for-coppa-italia-and-league-campaign-26\/"},"wordCount":1091,"publisher":{"@id":"https:\/\/www.ravennafc.it\/#organization"},"image":{"@id":"https:\/\/www.ravennafc.it\/en\/2026\/08\/29\/2026-27-season-official-dates-confirmed-for-coppa-italia-and-league-campaign-26\/#primaryimage"},"thumbnailUrl":"https:\/\/www.ravennafc.it\/wp-content\/uploads\/2026\/08\/ChatGPT-Image-13-ago-2026-16_07_52-1.png","keywords":["ravennafc"],"articleSection":["News","26-27 championship"],"inLanguage":"en-US"},{"@type":"WebPage","@id":"https:\/\/www.ravennafc.it\/en\/2026\/08\/29\/2026-27-season-official-dates-confirmed-for-coppa-italia-and-league-campaign-26\/","url":"https:\/\/www.ravennafc.it\/en\/2026\/08\/29\/2026-27-season-official-dates-confirmed-for-coppa-italia-and-league-campaign-26\/","name":"2026\/27 Season: Official Dates Confirmed for Coppa Italia and League Campaign - Ravenna FC","isPartOf":{"@id":"https:\/\/www.ravennafc.it\/#website"},"primaryImageOfPage":{"@id":"https:\/\/www.ravennafc.it\/en\/2026\/08\/29\/2026-27-season-official-dates-confirmed-for-coppa-italia-and-league-campaign-26\/#primaryimage"},"image":{"@id":"https:\/\/www.ravennafc.it\/en\/2026\/08\/29\/2026-27-season-official-dates-confirmed-for-coppa-italia-and-league-campaign-26\/#primaryimage"},"thumbnailUrl":"https:\/\/www.ravennafc.it\/wp-content\/uploads\/2026\/08\/ChatGPT-Image-13-ago-2026-16_07_52-1.png","datePublished":"2026-08-29T11:15:14+00:00","dateModified":"2026-08-29T11:15:15+00:00","description":"Ravenna FC: Registration documentation for the 2026\/27 Serie C season has been filed","breadcrumb":{"@id":"https:\/\/www.ravennafc.it\/en\/2026\/08\/29\/2026-27-season-official-dates-confirmed-for-coppa-italia-and-league-campaign-26\/#breadcrumb"},"inLanguage":"en-US","potentialAction":[{"@type":"ReadAction","target":["https:\/\/www.ravennafc.it\/en\/2026\/08\/29\/2026-27-season-official-dates-confirmed-for-coppa-italia-and-league-campaign-26\/"]}]},{"@type":"ImageObject","inLanguage":"en-US","@id":"https:\/\/www.ravennafc.it\/en\/2026\/08\/29\/2026-27-season-official-dates-confirmed-for-coppa-italia-and-league-campaign-26\/#primaryimage","url":"https:\/\/www.ravennafc.it\/wp-content\/uploads\/2026\/08\/ChatGPT-Image-13-ago-2026-16_07_52-1.png","contentUrl":"https:\/\/www.ravennafc.it\/wp-content\/uploads\/2026\/08\/ChatGPT-Image-13-ago-2026-16_07_52-1.png","width":1536,"height":1024},{"@type":"BreadcrumbList","@id":"https:\/\/www.ravennafc.it\/en\/2026\/08\/29\/2026-27-season-official-dates-confirmed-for-coppa-italia-and-league-campaign-26\/#breadcrumb","itemListElement":[{"@type":"ListItem","position":1,"name":"Home","item":"https:\/\/www.ravennafc.it\/en\/"},{"@type":"ListItem","position":2,"name":"2026\/27 Season: Official Dates Confirmed for Coppa Italia and League Campaign"}]},{"@type":"WebSite","@id":"https:\/\/www.ravennafc.it\/#website","url":"https:\/\/www.ravennafc.it\/","name":"Ravenna Football Club: Ravenna FC 1913","description":"","publisher":{"@id":"https:\/\/www.ravennafc.it\/#organization"},"potentialAction":[{"@type":"SearchAction","target":{"@type":"EntryPoint","urlTemplate":"https:\/\/www.ravennafc.it\/?s={search_term_string}"},"query-input":{"@type":"PropertyValueSpecification","valueRequired":true,"valueName":"search_term_string"}}],"inLanguage":"en-US"},{"@type":"Organization","@id":"https:\/\/www.ravennafc.it\/#organization","name":"Ravenna FC","url":"https:\/\/www.ravennafc.it\/","logo":{"@type":"ImageObject","inLanguage":"en-US","@id":"https:\/\/www.ravennafc.it\/#\/schema\/logo\/image\/","url":"https:\/\/www.ravennafc.it\/wp-content\/uploads\/2024\/09\/Rfc_logo.png","contentUrl":"https:\/\/www.ravennafc.it\/wp-content\/uploads\/2024\/09\/Rfc_logo.png","width":900,"height":900,"caption":"Ravenna FC"},"image":{"@id":"https:\/\/www.ravennafc.it\/#\/schema\/logo\/image\/"}},{"@type":"Person","@id":"https:\/\/www.ravennafc.it\/#\/schema\/person\/8bcfb6707e2715f8a066401f4cbfa9bc","name":"Luca Zignani","image":{"@type":"ImageObject","inLanguage":"en-US","@id":"https:\/\/www.ravennafc.it\/#\/schema\/person\/image\/","url":"https:\/\/secure.gravatar.com\/avatar\/3a200331fcbf7764f2f49a133be8cd0649aed8fd6a793c967e278d5f55b325a9?s=96&d=mm&r=g","contentUrl":"https:\/\/secure.gravatar.com\/avatar\/3a200331fcbf7764f2f49a133be8cd0649aed8fd6a793c967e278d5f55b325a9?s=96&d=mm&r=g","caption":"Luca Zignani"},"url":"https:\/\/www.ravennafc.it\/en\/author\/luca\/"}]}},"_links":{"self":[{"href":"https:\/\/www.ravennafc.it\/en\/wp-json\/wp\/v2\/posts\/58391","targetHints":{"allow":["GET"]}}],"collection":[{"href":"https:\/\/www.ravennafc.it\/en\/wp-json\/wp\/v2\/posts"}],"about":[{"href":"https:\/\/www.ravennafc.it\/en\/wp-json\/wp\/v2\/types\/post"}],"author":[{"embeddable":true,"href":"https:\/\/www.ravennafc.it\/en\/wp-json\/wp\/v2\/users\/2"}],"replies":[{"embeddable":true,"href":"https:\/\/www.ravennafc.it\/en\/wp-json\/wp\/v2\/comments?post=58391"}],"version-history":[{"count":3,"href":"https:\/\/www.ravennafc.it\/en\/wp-json\/wp\/v2\/posts\/58391\/revisions"}],"predecessor-version":[{"id":58394,"href":"https:\/\/www.ravennafc.it\/en\/wp-json\/wp\/v2\/posts\/58391\/revisions\/58394"}],"wp:featuredmedia":[{"embeddable":true,"href":"https:\/\/www.ravennafc.it\/en\/wp-json\/wp\/v2\/media\/57408"}],"wp:attachment":[{"href":"https:\/\/www.ravennafc.it\/en\/wp-json\/wp\/v2\/media?parent=58391"}],"wp:term":[{"taxonomy":"category","embeddable":true,"href":"https:\/\/www.ravennafc.it\/en\/wp-json\/wp\/v2\/categories?post=58391"},{"taxonomy":"post_tag","embeddable":true,"href":"https:\/\/www.ravennafc.it\/en\/wp-json\/wp\/v2\/tags?post=58391"}],"curies":[{"name":"wp","href":"https:\/\/api.w.org\/{rel}","templated":true}]}}